{"id":3350,"date":"2020-10-06T15:24:06","date_gmt":"2020-10-06T15:24:06","guid":{"rendered":"http:\/\/mahaitenis.com\/es\/?p=3350"},"modified":"2020-10-17T05:15:13","modified_gmt":"2020-10-17T05:15:13","slug":"concentracion-femenina-promesas-paralimpicas","status":"publish","type":"post","link":"https:\/\/mahaitenis.com\/es\/index.php\/2020\/10\/06\/concentracion-femenina-promesas-paralimpicas\/","title":{"rendered":"CONCENTRACION FEMENINA <br> PROMESAS PARALIMPICAS"},"content":{"rendered":"<a href=\"https:\/\/mahaitenis.com\/es\/wp-content\/uploads\/2020\/10\/PROMESAS-PARALIMPICAS-FEMENINAS.jpg\"><img decoding=\"async\" src=\"https:\/\/mahaitenis.com\/es\/wp-content\/uploads\/2020\/10\/PROMESAS-PARALIMPICAS-FEMENINAS.jpg\" alt=\"\" width=\"1800\" height=\"1286\" class=\"aligncenter size-full wp-image-3351\" srcset=\"https:\/\/mahaitenis.com\/es\/wp-content\/uploads\/2020\/10\/PROMESAS-PARALIMPICAS-FEMENINAS.jpg 1800w, https:\/\/mahaitenis.com\/es\/wp-content\/uploads\/2020\/10\/PROMESAS-PARALIMPICAS-FEMENINAS-300x214.jpg 300w, https:\/\/mahaitenis.com\/es\/wp-content\/uploads\/2020\/10\/PROMESAS-PARALIMPICAS-FEMENINAS-1024x732.jpg 1024w, https:\/\/mahaitenis.com\/es\/wp-content\/uploads\/2020\/10\/PROMESAS-PARALIMPICAS-FEMENINAS-768x549.jpg 768w, https:\/\/mahaitenis.com\/es\/wp-content\/uploads\/2020\/10\/PROMESAS-PARALIMPICAS-FEMENINAS-1536x1097.jpg 1536w\" sizes=\"(max-width: 1800px) 100vw, 1800px\" \/><\/a><br>\r\n&nbsp;&nbsp;&nbsp;Participaran las jugadores vascas Olaia Mart\u00ednez del Atl\u00e9tico San Sebasti\u00e1n que entrenar\u00e1 todas las tardes y Maialen del MARPEX que entrenar\u00e1 ma\u00f1ana y tarde con el grupo.\r\n<br>\r\n<div align=\"right\"><a href=\"https:\/\/www.rfetm.es\/noticia\/7341-primera-concentracion-femenina-del-equipo-promesas-paralimpicas-en-irun\" style=\"text-decoration:none\" rel=\"noopener noreferrer\" target=\"_blank\">Ver Noticia RFETM >> \r\n<\/div><\/a>\r\n<div align=\"right\"><a href=\"https:\/\/mahaitenis.com\/es\/index.php\/2020\/10\/17\/galeria-fotos-concentracion-femenina-promesas-paralimpicas\/\" style=\"text-decoration:none\" rel=\"noopener noreferrer\">Ver Galeria Fotos >> \r\n<\/div><\/a>","protected":false},"excerpt":{"rendered":"<p>&nbsp;&nbsp;&nbsp;Participaran las jugadores vascas Olaia Mart\u00ednez del Atl\u00e9tico San Sebasti\u00e1n que entrenar\u00e1 todas las tardes y Maialen del MARPEX que entrenar\u00e1 ma\u00f1ana y tarde con el grupo. Ver Noticia RFETM >> Ver Galeria Fotos >><\/p>\n","protected":false},"author":1,"featured_media":0,"comment_status":"closed","ping_status":"closed","sticky":false,"template":"","format":"standard","meta":{"footnotes":""},"categories":[12,7,11,5],"tags":[],"class_list":["post-3350","post","type-post","status-publish","format-standard","hentry","category-deporte-inclusivo","category-destacadas","category-mujertm","category-noticias"],"_links":{"self":[{"href":"https:\/\/mahaitenis.com\/es\/index.php\/wp-json\/wp\/v2\/posts\/3350","targetHints":{"allow":["GET"]}}],"collection":[{"href":"https:\/\/mahaitenis.com\/es\/index.php\/wp-json\/wp\/v2\/posts"}],"about":[{"href":"https:\/\/mahaitenis.com\/es\/index.php\/wp-json\/wp\/v2\/types\/post"}],"author":[{"embeddable":true,"href":"https:\/\/mahaitenis.com\/es\/index.php\/wp-json\/wp\/v2\/users\/1"}],"replies":[{"embeddable":true,"href":"https:\/\/mahaitenis.com\/es\/index.php\/wp-json\/wp\/v2\/comments?post=3350"}],"version-history":[{"count":2,"href":"https:\/\/mahaitenis.com\/es\/index.php\/wp-json\/wp\/v2\/posts\/3350\/revisions"}],"predecessor-version":[{"id":3361,"href":"https:\/\/mahaitenis.com\/es\/index.php\/wp-json\/wp\/v2\/posts\/3350\/revisions\/3361"}],"wp:attachment":[{"href":"https:\/\/mahaitenis.com\/es\/index.php\/wp-json\/wp\/v2\/media?parent=3350"}],"wp:term":[{"taxonomy":"category","embeddable":true,"href":"https:\/\/mahaitenis.com\/es\/index.php\/wp-json\/wp\/v2\/categories?post=3350"},{"taxonomy":"post_tag","embeddable":true,"href":"https:\/\/mahaitenis.com\/es\/index.php\/wp-json\/wp\/v2\/tags?post=3350"}],"curies":[{"name":"wp","href":"https:\/\/api.w.org\/{rel}","templated":true}]}}