{"id":5324,"date":"2023-11-16T14:25:06","date_gmt":"2023-11-16T14:25:06","guid":{"rendered":"https:\/\/mahaitenis.com\/es\/?p=5324"},"modified":"2023-11-22T05:54:30","modified_gmt":"2023-11-22T05:54:30","slug":"elena-guelbenzu-fernandez","status":"publish","type":"post","link":"https:\/\/mahaitenis.com\/es\/index.php\/2023\/11\/16\/elena-guelbenzu-fernandez\/","title":{"rendered":"<br>ELENA GUELBENZU FERN\u00c1NDEZ"},"content":{"rendered":"<a href=\"https:\/\/mahaitenis.com\/es\/wp-content\/uploads\/2023\/11\/20231114_141507_1-e1700145302430.jpg\"><img decoding=\"async\" src=\"https:\/\/mahaitenis.com\/es\/wp-content\/uploads\/2023\/11\/20231114_141507_1-e1700145302430.jpg\" alt=\"\" width=\"1658\" height=\"2138\" class=\"aligncenter size-full wp-image-5325\" srcset=\"https:\/\/mahaitenis.com\/es\/wp-content\/uploads\/2023\/11\/20231114_141507_1-e1700145302430.jpg 1658w, https:\/\/mahaitenis.com\/es\/wp-content\/uploads\/2023\/11\/20231114_141507_1-e1700145302430-233x300.jpg 233w, https:\/\/mahaitenis.com\/es\/wp-content\/uploads\/2023\/11\/20231114_141507_1-e1700145302430-794x1024.jpg 794w, https:\/\/mahaitenis.com\/es\/wp-content\/uploads\/2023\/11\/20231114_141507_1-e1700145302430-768x990.jpg 768w, https:\/\/mahaitenis.com\/es\/wp-content\/uploads\/2023\/11\/20231114_141507_1-e1700145302430-1191x1536.jpg 1191w, https:\/\/mahaitenis.com\/es\/wp-content\/uploads\/2023\/11\/20231114_141507_1-e1700145302430-1588x2048.jpg 1588w\" sizes=\"(max-width: 1658px) 100vw, 1658px\" \/><\/a>\r\n<center><i>Elena junto con Jos\u00e9 Antonio Echeverr\u00eda, compa\u00f1ero y amigo<\/i><\/center>\r\n<br>\r\n\r\n&nbsp;&nbsp;&nbsp;El martes falleci\u00f3 nuestra compa\u00f1era, la navarra Mar\u00eda Elena Guelbenzu Fern\u00e1ndez.<br>  \r\n<br>\r\n&nbsp;&nbsp;&nbsp;Elena nunca fue jugadora de tenis de mesa. Fue la primera \u00e1rbitra internacional en Navarra, y como tal, le hicieron un amplio reportaje en la televisi\u00f3n p\u00fablica vasca. <br>\r\n<br>\r\n&nbsp;&nbsp;&nbsp;Era la presidenta del Comit\u00e9 Auton\u00f3mico de \u00c1rbitros en Navarra y hermana de I\u00f1aki, delegado de la secci\u00f3n de tenis de mesa del club Nataci\u00f3n de Pamplona, tambi\u00e9n jugador.<br>\r\n<br>\r\n&nbsp;&nbsp;&nbsp;Elena fue voluntaria en las Olimpiadas de Barcelona\u00b492, y \u00e1rbitra en las Paraolimpiadas del mismo lugar y a\u00f1o. Tambi\u00e9n arbitr\u00f3 a Waldner y a Gatien en un Francia &#8211; Suecia en Cognac (Francia), as\u00ed como a un juvenil Timo Boll en los internacionales j\u00f3venes de Francia, entre otras competiciones.<br>\r\n<br>\r\n\r\n&nbsp;&nbsp;&nbsp;Era juez &#8211; arbitro nacional, y como tal actu\u00f3 en todos los torneos internacionales de Pamplona, as\u00ed como en los campeonatos de Espa\u00f1a de Discapacitados de tenis de mesa en Navarra. <br>\r\n<br>\r\n\r\n&nbsp;&nbsp;&nbsp;Este mismo fin de semana arbitr\u00f3 dos encuentros de ligas nacionales en su ciudad.<br>\r\n<br>\r\n\r\n&nbsp;&nbsp;&nbsp;Descanse en paz<br>\r\n<br>\r\n\r\n&nbsp;&nbsp;&nbsp;\u00bb Se anima a todos los \u00e1rbitros que act\u00faen este fin de semana, para que en sus Encuentros se guarde un minuto de silencio y lleven en el brazo izquierdo un brazalete blanco en su memoria \u00ab<br>\r\n\r\n<br>\r\n&nbsp;&nbsp;&nbsp;&nbsp;&nbsp;&nbsp;&nbsp;&nbsp;&nbsp;<b>Comit\u00e9 Vasco de \u00c1rbitros de Tenis de Mesa<\/b> <br>\r\n\r\n<br>\r\n\n\t\t<style type=\"text\/css\">\n\t\t\t#gallery-1 {\n\t\t\t\tmargin: auto;\n\t\t\t}\n\t\t\t#gallery-1 .gallery-item {\n\t\t\t\tfloat: left;\n\t\t\t\tmargin-top: 10px;\n\t\t\t\ttext-align: center;\n\t\t\t\twidth: 33%;\n\t\t\t}\n\t\t\t#gallery-1 img {\n\t\t\t\tborder: 2px solid #cfcfcf;\n\t\t\t}\n\t\t\t#gallery-1 .gallery-caption {\n\t\t\t\tmargin-left: 0;\n\t\t\t}\n\t\t\t\/* see gallery_shortcode() in wp-includes\/media.php *\/\n\t\t<\/style>\n\t\t<div id='gallery-1' class='gallery galleryid-5324 gallery-columns-3 gallery-size-large'><dl class='gallery-item'>\n\t\t\t<dt class='gallery-icon landscape'>\n\t\t\t\t<a href='https:\/\/mahaitenis.com\/es\/wp-content\/uploads\/2023\/11\/IMG-20231117-WA0011-e1700632701447.jpg'><img decoding=\"async\" width=\"1024\" height=\"767\" src=\"https:\/\/mahaitenis.com\/es\/wp-content\/uploads\/2023\/11\/IMG-20231117-WA0011-e1700632701447-1024x767.jpg\" class=\"attachment-large size-large\" alt=\"\" aria-describedby=\"gallery-1-5342\" srcset=\"https:\/\/mahaitenis.com\/es\/wp-content\/uploads\/2023\/11\/IMG-20231117-WA0011-e1700632701447-1024x767.jpg 1024w, https:\/\/mahaitenis.com\/es\/wp-content\/uploads\/2023\/11\/IMG-20231117-WA0011-e1700632701447-300x225.jpg 300w, https:\/\/mahaitenis.com\/es\/wp-content\/uploads\/2023\/11\/IMG-20231117-WA0011-e1700632701447-768x575.jpg 768w, https:\/\/mahaitenis.com\/es\/wp-content\/uploads\/2023\/11\/IMG-20231117-WA0011-e1700632701447-1536x1150.jpg 1536w, https:\/\/mahaitenis.com\/es\/wp-content\/uploads\/2023\/11\/IMG-20231117-WA0011-e1700632701447.jpg 1950w\" sizes=\"(max-width: 1024px) 100vw, 1024px\" \/><\/a>\n\t\t\t<\/dt>\n\t\t\t\t<dd class='wp-caption-text gallery-caption' id='gallery-1-5342'>\n\t\t\t\tLiga europea de naciones Francia &#8211; Suecia en Cognac, en Enero de 2005.\n\t\t\t\t<\/dd><\/dl><dl class='gallery-item'>\n\t\t\t<dt class='gallery-icon landscape'>\n\t\t\t\t<a href='https:\/\/mahaitenis.com\/es\/wp-content\/uploads\/2023\/11\/IMG-20231117-WA0010-e1700632768419.jpg'><img decoding=\"async\" width=\"1024\" height=\"679\" src=\"https:\/\/mahaitenis.com\/es\/wp-content\/uploads\/2023\/11\/IMG-20231117-WA0010-e1700632768419-1024x679.jpg\" class=\"attachment-large size-large\" alt=\"\" aria-describedby=\"gallery-1-5341\" srcset=\"https:\/\/mahaitenis.com\/es\/wp-content\/uploads\/2023\/11\/IMG-20231117-WA0010-e1700632768419-1024x679.jpg 1024w, https:\/\/mahaitenis.com\/es\/wp-content\/uploads\/2023\/11\/IMG-20231117-WA0010-e1700632768419-300x199.jpg 300w, https:\/\/mahaitenis.com\/es\/wp-content\/uploads\/2023\/11\/IMG-20231117-WA0010-e1700632768419-768x509.jpg 768w, https:\/\/mahaitenis.com\/es\/wp-content\/uploads\/2023\/11\/IMG-20231117-WA0010-e1700632768419-1536x1019.jpg 1536w, https:\/\/mahaitenis.com\/es\/wp-content\/uploads\/2023\/11\/IMG-20231117-WA0010-e1700632768419.jpg 1960w\" sizes=\"(max-width: 1024px) 100vw, 1024px\" \/><\/a>\n\t\t\t<\/dt>\n\t\t\t\t<dd class='wp-caption-text gallery-caption' id='gallery-1-5341'>\n\t\t\t\tLiga europea de naciones entre Francia y Croacia en Pau, en Octubre de 2003.\n\t\t\t\t<\/dd><\/dl><dl class='gallery-item'>\n\t\t\t<dt class='gallery-icon landscape'>\n\t\t\t\t<a href='https:\/\/mahaitenis.com\/es\/wp-content\/uploads\/2023\/11\/20231114_141856-scaled.jpg'><img decoding=\"async\" width=\"1024\" height=\"768\" src=\"https:\/\/mahaitenis.com\/es\/wp-content\/uploads\/2023\/11\/20231114_141856-1024x768.jpg\" class=\"attachment-large size-large\" alt=\"\" aria-describedby=\"gallery-1-5339\" srcset=\"https:\/\/mahaitenis.com\/es\/wp-content\/uploads\/2023\/11\/20231114_141856-1024x768.jpg 1024w, https:\/\/mahaitenis.com\/es\/wp-content\/uploads\/2023\/11\/20231114_141856-300x225.jpg 300w, https:\/\/mahaitenis.com\/es\/wp-content\/uploads\/2023\/11\/20231114_141856-768x576.jpg 768w, https:\/\/mahaitenis.com\/es\/wp-content\/uploads\/2023\/11\/20231114_141856-1536x1152.jpg 1536w, https:\/\/mahaitenis.com\/es\/wp-content\/uploads\/2023\/11\/20231114_141856-2048x1536.jpg 2048w\" sizes=\"(max-width: 1024px) 100vw, 1024px\" \/><\/a>\n\t\t\t<\/dt>\n\t\t\t\t<dd class='wp-caption-text gallery-caption' id='gallery-1-5339'>\n\t\t\t\tVoluntarios de los Juegos Ol\u00edmpicos de Barcelona\u00b492\n\t\t\t\t<\/dd><\/dl><br style=\"clear: both\" \/><dl class='gallery-item'>\n\t\t\t<dt class='gallery-icon landscape'>\n\t\t\t\t<a href='https:\/\/mahaitenis.com\/es\/wp-content\/uploads\/2023\/11\/20231114_141745-scaled.jpg'><img decoding=\"async\" width=\"1024\" height=\"768\" src=\"https:\/\/mahaitenis.com\/es\/wp-content\/uploads\/2023\/11\/20231114_141745-1024x768.jpg\" class=\"attachment-large size-large\" alt=\"\" aria-describedby=\"gallery-1-5338\" srcset=\"https:\/\/mahaitenis.com\/es\/wp-content\/uploads\/2023\/11\/20231114_141745-1024x768.jpg 1024w, https:\/\/mahaitenis.com\/es\/wp-content\/uploads\/2023\/11\/20231114_141745-300x225.jpg 300w, https:\/\/mahaitenis.com\/es\/wp-content\/uploads\/2023\/11\/20231114_141745-768x576.jpg 768w, https:\/\/mahaitenis.com\/es\/wp-content\/uploads\/2023\/11\/20231114_141745-1536x1152.jpg 1536w, https:\/\/mahaitenis.com\/es\/wp-content\/uploads\/2023\/11\/20231114_141745-2048x1536.jpg 2048w\" sizes=\"(max-width: 1024px) 100vw, 1024px\" \/><\/a>\n\t\t\t<\/dt>\n\t\t\t\t<dd class='wp-caption-text gallery-caption' id='gallery-1-5338'>\n\t\t\t\tArbitrando en las Paraolimpiadas de Barcelona\u00b492\n\t\t\t\t<\/dd><\/dl><dl class='gallery-item'>\n\t\t\t<dt class='gallery-icon landscape'>\n\t\t\t\t<a href='https:\/\/mahaitenis.com\/es\/wp-content\/uploads\/2023\/11\/20231114_140831-scaled.jpg'><img decoding=\"async\" width=\"1024\" height=\"768\" src=\"https:\/\/mahaitenis.com\/es\/wp-content\/uploads\/2023\/11\/20231114_140831-1024x768.jpg\" class=\"attachment-large size-large\" alt=\"\" aria-describedby=\"gallery-1-5336\" srcset=\"https:\/\/mahaitenis.com\/es\/wp-content\/uploads\/2023\/11\/20231114_140831-1024x768.jpg 1024w, https:\/\/mahaitenis.com\/es\/wp-content\/uploads\/2023\/11\/20231114_140831-300x225.jpg 300w, https:\/\/mahaitenis.com\/es\/wp-content\/uploads\/2023\/11\/20231114_140831-768x576.jpg 768w, https:\/\/mahaitenis.com\/es\/wp-content\/uploads\/2023\/11\/20231114_140831-1536x1152.jpg 1536w, https:\/\/mahaitenis.com\/es\/wp-content\/uploads\/2023\/11\/20231114_140831-2048x1536.jpg 2048w\" sizes=\"(max-width: 1024px) 100vw, 1024px\" \/><\/a>\n\t\t\t<\/dt>\n\t\t\t\t<dd class='wp-caption-text gallery-caption' id='gallery-1-5336'>\n\t\t\t\tCampeonato de Europa Absoluto de Alicante\n\t\t\t\t<\/dd><\/dl><dl class='gallery-item'>\n\t\t\t<dt class='gallery-icon landscape'>\n\t\t\t\t<a href='https:\/\/mahaitenis.com\/es\/wp-content\/uploads\/2023\/11\/20231114_140247-scaled.jpg'><img decoding=\"async\" width=\"1024\" height=\"768\" src=\"https:\/\/mahaitenis.com\/es\/wp-content\/uploads\/2023\/11\/20231114_140247-1024x768.jpg\" class=\"attachment-large size-large\" alt=\"\" aria-describedby=\"gallery-1-5335\" srcset=\"https:\/\/mahaitenis.com\/es\/wp-content\/uploads\/2023\/11\/20231114_140247-1024x768.jpg 1024w, https:\/\/mahaitenis.com\/es\/wp-content\/uploads\/2023\/11\/20231114_140247-300x225.jpg 300w, https:\/\/mahaitenis.com\/es\/wp-content\/uploads\/2023\/11\/20231114_140247-768x576.jpg 768w, https:\/\/mahaitenis.com\/es\/wp-content\/uploads\/2023\/11\/20231114_140247-1536x1152.jpg 1536w, https:\/\/mahaitenis.com\/es\/wp-content\/uploads\/2023\/11\/20231114_140247-2048x1536.jpg 2048w\" sizes=\"(max-width: 1024px) 100vw, 1024px\" \/><\/a>\n\t\t\t<\/dt>\n\t\t\t\t<dd class='wp-caption-text gallery-caption' id='gallery-1-5335'>\n\t\t\t\tCampeonato de Espa\u00f1a Juvenil de Guadalajara\n\t\t\t\t<\/dd><\/dl><br style=\"clear: both\" \/><dl class='gallery-item'>\n\t\t\t<dt class='gallery-icon landscape'>\n\t\t\t\t<a href='https:\/\/mahaitenis.com\/es\/wp-content\/uploads\/2023\/11\/20231114_130739-scaled.jpg'><img decoding=\"async\" width=\"1024\" height=\"768\" src=\"https:\/\/mahaitenis.com\/es\/wp-content\/uploads\/2023\/11\/20231114_130739-1024x768.jpg\" class=\"attachment-large size-large\" alt=\"\" aria-describedby=\"gallery-1-5334\" srcset=\"https:\/\/mahaitenis.com\/es\/wp-content\/uploads\/2023\/11\/20231114_130739-1024x768.jpg 1024w, https:\/\/mahaitenis.com\/es\/wp-content\/uploads\/2023\/11\/20231114_130739-300x225.jpg 300w, https:\/\/mahaitenis.com\/es\/wp-content\/uploads\/2023\/11\/20231114_130739-768x576.jpg 768w, https:\/\/mahaitenis.com\/es\/wp-content\/uploads\/2023\/11\/20231114_130739-1536x1152.jpg 1536w, https:\/\/mahaitenis.com\/es\/wp-content\/uploads\/2023\/11\/20231114_130739-2048x1536.jpg 2048w\" sizes=\"(max-width: 1024px) 100vw, 1024px\" \/><\/a>\n\t\t\t<\/dt>\n\t\t\t\t<dd class='wp-caption-text gallery-caption' id='gallery-1-5334'>\n\t\t\t\tPlatja d\u00b4Aro\n\t\t\t\t<\/dd><\/dl>\n\t\t\t<br style='clear: both' \/>\n\t\t<\/div>\n\r\n\n\t\t<style type=\"text\/css\">\n\t\t\t#gallery-2 {\n\t\t\t\tmargin: auto;\n\t\t\t}\n\t\t\t#gallery-2 .gallery-item {\n\t\t\t\tfloat: left;\n\t\t\t\tmargin-top: 10px;\n\t\t\t\ttext-align: center;\n\t\t\t\twidth: 33%;\n\t\t\t}\n\t\t\t#gallery-2 img {\n\t\t\t\tborder: 2px solid #cfcfcf;\n\t\t\t}\n\t\t\t#gallery-2 .gallery-caption {\n\t\t\t\tmargin-left: 0;\n\t\t\t}\n\t\t\t\/* see gallery_shortcode() in wp-includes\/media.php *\/\n\t\t<\/style>\n\t\t<div id='gallery-2' class='gallery galleryid-5324 gallery-columns-3 gallery-size-large'><dl class='gallery-item'>\n\t\t\t<dt class='gallery-icon portrait'>\n\t\t\t\t<a href='https:\/\/mahaitenis.com\/es\/wp-content\/uploads\/2023\/11\/IMG-20231114-WA0003-e1700632852826.jpg'><img decoding=\"async\" width=\"705\" height=\"1024\" src=\"https:\/\/mahaitenis.com\/es\/wp-content\/uploads\/2023\/11\/IMG-20231114-WA0003-e1700632852826-705x1024.jpg\" class=\"attachment-large size-large\" alt=\"\" aria-describedby=\"gallery-2-5340\" srcset=\"https:\/\/mahaitenis.com\/es\/wp-content\/uploads\/2023\/11\/IMG-20231114-WA0003-e1700632852826-705x1024.jpg 705w, https:\/\/mahaitenis.com\/es\/wp-content\/uploads\/2023\/11\/IMG-20231114-WA0003-e1700632852826-207x300.jpg 207w, https:\/\/mahaitenis.com\/es\/wp-content\/uploads\/2023\/11\/IMG-20231114-WA0003-e1700632852826-768x1116.jpg 768w, https:\/\/mahaitenis.com\/es\/wp-content\/uploads\/2023\/11\/IMG-20231114-WA0003-e1700632852826.jpg 1010w\" sizes=\"(max-width: 705px) 100vw, 705px\" \/><\/a>\n\t\t\t<\/dt>\n\t\t\t\t<dd class='wp-caption-text gallery-caption' id='gallery-2-5340'>\n\t\t\t\tJuez &#8211; \u00e1rbitro de la fase de ascenso de segunda a primera en Pamplona en Mayo de este a\u00f1o\n\t\t\t\t<\/dd><\/dl><dl class='gallery-item'>\n\t\t\t<dt class='gallery-icon portrait'>\n\t\t\t\t<a href='https:\/\/mahaitenis.com\/es\/wp-content\/uploads\/2023\/11\/20231114_141109-scaled.jpg'><img decoding=\"async\" width=\"768\" height=\"1024\" src=\"https:\/\/mahaitenis.com\/es\/wp-content\/uploads\/2023\/11\/20231114_141109-768x1024.jpg\" class=\"attachment-large size-large\" alt=\"\" aria-describedby=\"gallery-2-5337\" srcset=\"https:\/\/mahaitenis.com\/es\/wp-content\/uploads\/2023\/11\/20231114_141109-768x1024.jpg 768w, https:\/\/mahaitenis.com\/es\/wp-content\/uploads\/2023\/11\/20231114_141109-225x300.jpg 225w, https:\/\/mahaitenis.com\/es\/wp-content\/uploads\/2023\/11\/20231114_141109-1152x1536.jpg 1152w, https:\/\/mahaitenis.com\/es\/wp-content\/uploads\/2023\/11\/20231114_141109-1536x2048.jpg 1536w, https:\/\/mahaitenis.com\/es\/wp-content\/uploads\/2023\/11\/20231114_141109-scaled.jpg 1920w\" sizes=\"(max-width: 768px) 100vw, 768px\" \/><\/a>\n\t\t\t<\/dt>\n\t\t\t\t<dd class='wp-caption-text gallery-caption' id='gallery-2-5337'>\n\t\t\t\tLiga nacional de honor masculina Oberena &#8211; Atl\u00e9tico de San Sebasti\u00e1n\n\t\t\t\t<\/dd><\/dl><dl class='gallery-item'>\n\t\t\t<dt class='gallery-icon portrait'>\n\t\t\t\t<a href='https:\/\/mahaitenis.com\/es\/wp-content\/uploads\/2023\/11\/20231114_141507_1-e1700145302430-1-e1700632802936.jpg'><img decoding=\"async\" width=\"739\" height=\"1024\" src=\"https:\/\/mahaitenis.com\/es\/wp-content\/uploads\/2023\/11\/20231114_141507_1-e1700145302430-1-e1700632802936-739x1024.jpg\" class=\"attachment-large size-large\" alt=\"\" aria-describedby=\"gallery-2-5344\" srcset=\"https:\/\/mahaitenis.com\/es\/wp-content\/uploads\/2023\/11\/20231114_141507_1-e1700145302430-1-e1700632802936-739x1024.jpg 739w, https:\/\/mahaitenis.com\/es\/wp-content\/uploads\/2023\/11\/20231114_141507_1-e1700145302430-1-e1700632802936-216x300.jpg 216w, https:\/\/mahaitenis.com\/es\/wp-content\/uploads\/2023\/11\/20231114_141507_1-e1700145302430-1-e1700632802936-768x1065.jpg 768w, https:\/\/mahaitenis.com\/es\/wp-content\/uploads\/2023\/11\/20231114_141507_1-e1700145302430-1-e1700632802936-1108x1536.jpg 1108w, https:\/\/mahaitenis.com\/es\/wp-content\/uploads\/2023\/11\/20231114_141507_1-e1700145302430-1-e1700632802936-1477x2048.jpg 1477w, https:\/\/mahaitenis.com\/es\/wp-content\/uploads\/2023\/11\/20231114_141507_1-e1700145302430-1-e1700632802936.jpg 1542w\" sizes=\"(max-width: 739px) 100vw, 739px\" \/><\/a>\n\t\t\t<\/dt>\n\t\t\t\t<dd class='wp-caption-text gallery-caption' id='gallery-2-5344'>\n\t\t\t\tJunto con Jos\u00e9 Antonio Echeverr\u00eda, compa\u00f1ero y amigo\n\t\t\t\t<\/dd><\/dl><br style=\"clear: both\" \/>\n\t\t<\/div>\n\r\n\r\n","protected":false},"excerpt":{"rendered":"<p>Elena junto con Jos\u00e9 Antonio Echeverr\u00eda, compa\u00f1ero y amigo &nbsp;&nbsp;&nbsp;El martes falleci\u00f3 nuestra compa\u00f1era, la navarra Mar\u00eda Elena Guelbenzu Fern\u00e1ndez. &nbsp;&nbsp;&nbsp;Elena nunca fue jugadora de tenis de mesa. Fue la primera \u00e1rbitra internacional en Navarra, y como tal, le hicieron un amplio reportaje en la televisi\u00f3n p\u00fablica vasca. &nbsp;&nbsp;&nbsp;Era la presidenta del Comit\u00e9 Auton\u00f3mico de [&hellip;]<\/p>\n","protected":false},"author":1,"featured_media":0,"comment_status":"closed","ping_status":"closed","sticky":false,"template":"","format":"standard","meta":{"footnotes":""},"categories":[11,5],"tags":[],"class_list":["post-5324","post","type-post","status-publish","format-standard","hentry","category-mujertm","category-noticias"],"_links":{"self":[{"href":"https:\/\/mahaitenis.com\/es\/index.php\/wp-json\/wp\/v2\/posts\/5324","targetHints":{"allow":["GET"]}}],"collection":[{"href":"https:\/\/mahaitenis.com\/es\/index.php\/wp-json\/wp\/v2\/posts"}],"about":[{"href":"https:\/\/mahaitenis.com\/es\/index.php\/wp-json\/wp\/v2\/types\/post"}],"author":[{"embeddable":true,"href":"https:\/\/mahaitenis.com\/es\/index.php\/wp-json\/wp\/v2\/users\/1"}],"replies":[{"embeddable":true,"href":"https:\/\/mahaitenis.com\/es\/index.php\/wp-json\/wp\/v2\/comments?post=5324"}],"version-history":[{"count":7,"href":"https:\/\/mahaitenis.com\/es\/index.php\/wp-json\/wp\/v2\/posts\/5324\/revisions"}],"predecessor-version":[{"id":5348,"href":"https:\/\/mahaitenis.com\/es\/index.php\/wp-json\/wp\/v2\/posts\/5324\/revisions\/5348"}],"wp:attachment":[{"href":"https:\/\/mahaitenis.com\/es\/index.php\/wp-json\/wp\/v2\/media?parent=5324"}],"wp:term":[{"taxonomy":"category","embeddable":true,"href":"https:\/\/mahaitenis.com\/es\/index.php\/wp-json\/wp\/v2\/categories?post=5324"},{"taxonomy":"post_tag","embeddable":true,"href":"https:\/\/mahaitenis.com\/es\/index.php\/wp-json\/wp\/v2\/tags?post=5324"}],"curies":[{"name":"wp","href":"https:\/\/api.w.org\/{rel}","templated":true}]}}